{"id":21,"date":"2025-07-14T09:23:40","date_gmt":"2025-07-14T09:23:40","guid":{"rendered":"https:\/\/demo.lemansec.ch\/auberge-colombier.ch\/?p=21"},"modified":"2025-07-14T12:55:21","modified_gmt":"2025-07-14T12:55:21","slug":"improve-him-believe-opinion-offered","status":"publish","type":"post","link":"https:\/\/demo.lemansec.ch\/auberge-colombier.ch\/index.php\/2025\/07\/14\/improve-him-believe-opinion-offered\/","title":{"rendered":"R\u00e9ouverture"},"content":{"rendered":"\n<h4 class=\"wp-block-heading\"><strong>R\u00e9ouverture de l\u2019Auberge de Colombier le 11 ao\u00fbt !<\/strong><\/h4>\n\n\n\n<p class=\"wp-block-paragraph\">Apr\u00e8s plusieurs mois d\u2019absence, l\u2019Auberge de Colombier s\u2019appr\u00eate \u00e0 rouvrir ses portes le <strong>dimanche 11 ao\u00fbt<\/strong>, au c\u0153ur du village. Ce lieu embl\u00e9matique, connu pour son charme rustique et son ambiance conviviale, fera son grand retour avec une touche de nouveaut\u00e9, tout en conservant l\u2019esprit qui fait sa r\u00e9putation.<\/p>\n\n\n\n<p class=\"wp-block-paragraph\"><strong>Ce qui vous attend :<\/strong><\/p>\n\n\n\n<ul class=\"wp-block-list\">\n<li>Une carte revisit\u00e9e m\u00ealant tradition et cr\u00e9ativit\u00e9<\/li>\n\n\n\n<li>Une s\u00e9lection de vins locaux et de produits du terroir<\/li>\n\n\n\n<li>Des soir\u00e9es th\u00e9matiques \u00e0 venir, pour raviver les papilles et les c\u0153urs<\/li>\n<\/ul>\n\n\n\n<p class=\"wp-block-paragraph\">Que vous soyez habitu\u00e9 fid\u00e8le ou visiteur curieux, toute l\u2019\u00e9quipe vous attend avec impatience pour c\u00e9l\u00e9brer cette nouvelle aventure culinaire. Venez d\u00e9couvrir ou red\u00e9couvrir l\u2019Auberge de Colombier, o\u00f9 la gourmandise rencontre la simplicit\u00e9 dans un cadre chaleureux.<\/p>\n\n\n\n<p class=\"wp-block-paragraph\">\ud83d\udccd <strong>Rendez-vous le 11 ao\u00fbt d\u00e8s 11h<\/strong> pour partager un moment authentique et festif.<\/p>\n\n\n\n<p class=\"wp-block-paragraph\"><\/p>\n","protected":false},"excerpt":{"rendered":"<p>R\u00e9ouverture de l\u2019Auberge de Colombier le 11 ao\u00fbt ! Apr\u00e8s plusieurs mois d\u2019absence, l\u2019Auberge de Colombier s\u2019appr\u00eate \u00e0 rouvrir ses portes le dimanche 11 ao\u00fbt, au c\u0153ur du village. Ce lieu embl\u00e9matique, connu pour son charme rustique et son ambiance conviviale, fera son grand retour avec une touche de nouveaut\u00e9, [&hellip;]<\/p>\n","protected":false},"author":1,"featured_media":13,"comment_status":"open","ping_status":"open","sticky":false,"template":"","format":"standard","meta":{"_themeisle_gutenberg_block_has_review":false,"_jetpack_memberships_contains_paid_content":false,"footnotes":"","jetpack_publicize_message":"","jetpack_publicize_feature_enabled":true,"jetpack_social_post_already_shared":false,"jetpack_social_options":{"image_generator_settings":{"template":"highway","default_image_id":0,"enabled":false},"version":2}},"categories":[1],"tags":[],"class_list":["post-21","post","type-post","status-publish","format-standard","has-post-thumbnail","hentry","category-uncategorized"],"jetpack_publicize_connections":[],"jetpack_featured_media_url":"https:\/\/demo.lemansec.ch\/auberge-colombier.ch\/wp-content\/uploads\/2025\/07\/card-blog5.jpg","jetpack_sharing_enabled":true,"_links":{"self":[{"href":"https:\/\/demo.lemansec.ch\/auberge-colombier.ch\/index.php\/wp-json\/wp\/v2\/posts\/21","targetHints":{"allow":["GET"]}}],"collection":[{"href":"https:\/\/demo.lemansec.ch\/auberge-colombier.ch\/index.php\/wp-json\/wp\/v2\/posts"}],"about":[{"href":"https:\/\/demo.lemansec.ch\/auberge-colombier.ch\/index.php\/wp-json\/wp\/v2\/types\/post"}],"author":[{"embeddable":true,"href":"https:\/\/demo.lemansec.ch\/auberge-colombier.ch\/index.php\/wp-json\/wp\/v2\/users\/1"}],"replies":[{"embeddable":true,"href":"https:\/\/demo.lemansec.ch\/auberge-colombier.ch\/index.php\/wp-json\/wp\/v2\/comments?post=21"}],"version-history":[{"count":2,"href":"https:\/\/demo.lemansec.ch\/auberge-colombier.ch\/index.php\/wp-json\/wp\/v2\/posts\/21\/revisions"}],"predecessor-version":[{"id":154,"href":"https:\/\/demo.lemansec.ch\/auberge-colombier.ch\/index.php\/wp-json\/wp\/v2\/posts\/21\/revisions\/154"}],"wp:featuredmedia":[{"embeddable":true,"href":"https:\/\/demo.lemansec.ch\/auberge-colombier.ch\/index.php\/wp-json\/wp\/v2\/media\/13"}],"wp:attachment":[{"href":"https:\/\/demo.lemansec.ch\/auberge-colombier.ch\/index.php\/wp-json\/wp\/v2\/media?parent=21"}],"wp:term":[{"taxonomy":"category","embeddable":true,"href":"https:\/\/demo.lemansec.ch\/auberge-colombier.ch\/index.php\/wp-json\/wp\/v2\/categories?post=21"},{"taxonomy":"post_tag","embeddable":true,"href":"https:\/\/demo.lemansec.ch\/auberge-colombier.ch\/index.php\/wp-json\/wp\/v2\/tags?post=21"}],"curies":[{"name":"wp","href":"https:\/\/api.w.org\/{rel}","templated":true}]}}